{"id":1147,"date":"2017-01-20T09:04:48","date_gmt":"2017-01-20T09:04:48","guid":{"rendered":"http:\/\/ufla.br\/calouros\/?p=1147"},"modified":"2017-01-20T09:04:48","modified_gmt":"2017-01-20T09:04:48","slug":"sisu-2017-inscricoes-irao-de-24-a-27-de-janeiro-estude-na-ufla","status":"publish","type":"post","link":"https:\/\/ufla.br\/calouros\/2017\/01\/20\/sisu-2017-inscricoes-irao-de-24-a-27-de-janeiro-estude-na-ufla\/","title":{"rendered":"SiSU 2017: inscri\u00e7\u00f5es ir\u00e3o de 24 a 27 de janeiro \u2013 estude na UFLA!"},"content":{"rendered":"<p><a href=\"http:\/\/ufla.br\/calouros\/wp-content\/uploads\/2017\/01\/sisu-2017-1.jpg\"><img loading=\"lazy\" decoding=\"async\" class=\"alignleft size-medium wp-image-1148\" src=\"http:\/\/ufla.br\/calouros\/wp-content\/uploads\/2017\/01\/sisu-2017-1-300x200.jpg\" alt=\"sisu-2017-1\" width=\"300\" height=\"200\" srcset=\"https:\/\/ufla.br\/calouros\/wp-content\/uploads\/2017\/01\/sisu-2017-1-300x200.jpg 300w, https:\/\/ufla.br\/calouros\/wp-content\/uploads\/2017\/01\/sisu-2017-1-768x512.jpg 768w, https:\/\/ufla.br\/calouros\/wp-content\/uploads\/2017\/01\/sisu-2017-1.jpg 900w\" sizes=\"auto, (max-width: 300px) 100vw, 300px\" \/><\/a>No dia 18 de janeiro, o Minist\u00e9rio da Educa\u00e7\u00e3o (MEC) divulgou, pela internet, as notas obtidas no Exame Nacional do Ensino M\u00e9dio (Enem 2016). Elas ser\u00e3o utilizadas pelos candidatos no processo seletivo do <strong>Sistema de Sele\u00e7\u00e3o Unificada (SiSU), que ter\u00e1 inscri\u00e7\u00f5es abertas de 24 a 27 de janeiro<\/strong>. Os candidatos poder\u00e3o se inscrever em <a href=\"http:\/\/www.sisu.mec.gov.br\/\">sisu.mec.gov.br<\/a>.<!--more--><\/p>\n<p>Por meio do SiSU, os participantes do Enem concorrem a vagas de ensino superior em institui\u00e7\u00f5es p\u00fablicas. Os estudantes que participaram do Enem 2016 e que obtiveram nota na reda\u00e7\u00e3o superior a zero poder\u00e3o se inscrever no Sisu 2017. Ser\u00e1 necess\u00e1rio informar o n\u00famero de inscri\u00e7\u00e3o e a senha usados no Enem de 2016.<\/p>\n<p>A Universidade Federal de Lavras (UFLA) disponibiliza 783 vagas para os candidatos provenientes do SiSU \u2013 ou seja, 60% da oferta para o primeiro per\u00edodo letivo. J\u00e1 outras 522 vagas, 40%, s\u00e3o destinadas para os estudantes oriundos do Processo de Avalia\u00e7\u00e3o Seriada (PAS). No total, a UFLA oferta 1305 vagas no primeiro per\u00edodo letivo. Das vagas do SiSU, 390 s\u00e3o para candidatos de ampla concorr\u00eancia e 393 para cotistas (em obedi\u00eancia \u00e0 Lei 12.711\/2012).<\/p>\n<p>No site da Diretoria de Processos Seletivos h\u00e1 uma <a href=\"http:\/\/www.dips.ufla.br\/copese\/processoDetail.asp?id=95\">p\u00e1gina dedicada ao SiSU 2017\/1<\/a>. Nela, \u00e9 poss\u00edvel visualizar as 26 op\u00e7\u00f5es de escolha de cursos para o estudante. Entre elas, est\u00e1 a op\u00e7\u00e3o \u00c1rea B\u00e1sica de Ingresso (<a href=\"http:\/\/www.prg.ufla.br\/site\/cursos\/abi-engenharias\/\">ABI-Engenharia<\/a>), que inclui quatro cursos de Engenharia: Civil, de Materiais, Mec\u00e2nica e Qu\u00edmica. O estudante ingressante em ABI-Engenharia poder\u00e1 fazer a op\u00e7\u00e3o por seu curso, com base nos resultados de seu desempenho acad\u00eamico, depois que cursar o primeiro per\u00edodo com disciplinas do N\u00facleo de Conte\u00fados Curriculares Comuns das Engenharias (NCCE).<\/p>\n<p><strong>Mais sobre o SiSU<\/strong><\/p>\n<p>O processo seletivo do Sisu possui uma \u00fanica etapa de inscri\u00e7\u00e3o. O candidato poder\u00e1 se inscrever no SiSU (<a href=\"http:\/\/sisu.mec.gov.br\/\">sisu.mec.gov.br\/<\/a>) em at\u00e9 duas op\u00e7\u00f5es de vaga e deve especific\u00e1-las, em ordem de prefer\u00eancia, em institui\u00e7\u00e3o de ensino superior participante, local de oferta, curso e turno. O candidato tamb\u00e9m deve definir se deseja concorrer a vagas de ampla concorr\u00eancia, a vagas reservadas de acordo com a Lei n\u00ba 12.711\/2012 ou a vagas destinadas \u00e0s demais pol\u00edticas afirmativas das institui\u00e7\u00f5es. O sistema indicar\u00e1 as notas de corte para cada curso ao estudante, que vai poder alterar as op\u00e7\u00f5es de curso de acordo com a nota.<\/p>\n<p><strong>Cronograma<\/strong><\/p>\n<p>O resultado (chamada regular) do SiSU ser\u00e1 disponibilizada em 30 de janeiro. Os candidatos selecionados far\u00e3o a matr\u00edcula de 3 a 7 de fevereiro. Os n\u00e3o selecionados ter\u00e3o a op\u00e7\u00e3o de manifestar interesse em participar da lista de espera, no per\u00edodo de 30\/1 a 10\/2.<\/p>\n<p><a href=\"http:\/\/www.dips.ufla.br\/copese\/processoDetail.asp?id=95\">Veja aqui outras informa\u00e7\u00f5es sobre o SiSU na UFLA<\/a> (termo de ades\u00e3o, cronograma, peso das \u00e1reas no Enem, notas de corte anteriores e legisla\u00e7\u00e3o).<\/p>\n<p>&nbsp;<\/p>\n<!-- AddThis Advanced Settings generic via filter on the_content --><!-- AddThis Share Buttons generic via filter on the_content -->","protected":false},"excerpt":{"rendered":"<p>No dia 18 de janeiro, o Minist\u00e9rio da Educa\u00e7\u00e3o (MEC) divulgou, pela internet, as notas obtidas no Exame Nacional do Ensino M\u00e9dio (Enem 2016). Elas ser\u00e3o utilizadas pelos candidatos no processo seletivo do Sistema de Sele\u00e7\u00e3o Unificada (SiSU), que ter\u00e1<!-- AddThis Advanced Settings generic via filter on get_the_excerpt --><!-- AddThis Share Buttons generic via filter on get_the_excerpt --><\/p>\n","protected":false},"author":2,"featured_media":0,"comment_status":"open","ping_status":"closed","sticky":false,"template":"","format":"standard","meta":{"footnotes":""},"categories":[1],"tags":[51,35,50],"class_list":["post-1147","post","type-post","status-publish","format-standard","hentry","category-noticias","tag-processo-seletivo","tag-sisu","tag-sisu-2017"],"_links":{"self":[{"href":"https:\/\/ufla.br\/calouros\/wp-json\/wp\/v2\/posts\/1147","targetHints":{"allow":["GET"]}}],"collection":[{"href":"https:\/\/ufla.br\/calouros\/wp-json\/wp\/v2\/posts"}],"about":[{"href":"https:\/\/ufla.br\/calouros\/wp-json\/wp\/v2\/types\/post"}],"author":[{"embeddable":true,"href":"https:\/\/ufla.br\/calouros\/wp-json\/wp\/v2\/users\/2"}],"replies":[{"embeddable":true,"href":"https:\/\/ufla.br\/calouros\/wp-json\/wp\/v2\/comments?post=1147"}],"version-history":[{"count":1,"href":"https:\/\/ufla.br\/calouros\/wp-json\/wp\/v2\/posts\/1147\/revisions"}],"predecessor-version":[{"id":1149,"href":"https:\/\/ufla.br\/calouros\/wp-json\/wp\/v2\/posts\/1147\/revisions\/1149"}],"wp:attachment":[{"href":"https:\/\/ufla.br\/calouros\/wp-json\/wp\/v2\/media?parent=1147"}],"wp:term":[{"taxonomy":"category","embeddable":true,"href":"https:\/\/ufla.br\/calouros\/wp-json\/wp\/v2\/categories?post=1147"},{"taxonomy":"post_tag","embeddable":true,"href":"https:\/\/ufla.br\/calouros\/wp-json\/wp\/v2\/tags?post=1147"}],"curies":[{"name":"wp","href":"https:\/\/api.w.org\/{rel}","templated":true}]}}