{"id":1190,"date":"2017-03-21T10:40:10","date_gmt":"2017-03-21T10:40:10","guid":{"rendered":"http:\/\/ufla.br\/calouros\/?p=1190"},"modified":"2017-03-21T10:43:01","modified_gmt":"2017-03-21T10:43:01","slug":"divulgados-calendarios-de-2017-da-graduacao-e-da-pos-graduacao-presenciais","status":"publish","type":"post","link":"https:\/\/ufla.br\/calouros\/2017\/03\/21\/divulgados-calendarios-de-2017-da-graduacao-e-da-pos-graduacao-presenciais\/","title":{"rendered":"Divulgados calend\u00e1rios de 2017 da gradua\u00e7\u00e3o e da p\u00f3s-gradua\u00e7\u00e3o presenciais"},"content":{"rendered":"<p><a href=\"http:\/\/ufla.br\/calouros\/wp-content\/uploads\/2017\/03\/calendarios2017.jpg\"><img loading=\"lazy\" decoding=\"async\" class=\"alignleft size-medium wp-image-1194\" src=\"http:\/\/ufla.br\/calouros\/wp-content\/uploads\/2017\/03\/calendarios2017-300x198.jpg\" alt=\"\" width=\"300\" height=\"198\" srcset=\"https:\/\/ufla.br\/calouros\/wp-content\/uploads\/2017\/03\/calendarios2017-300x198.jpg 300w, https:\/\/ufla.br\/calouros\/wp-content\/uploads\/2017\/03\/calendarios2017-768x508.jpg 768w, https:\/\/ufla.br\/calouros\/wp-content\/uploads\/2017\/03\/calendarios2017-1024x677.jpg 1024w, https:\/\/ufla.br\/calouros\/wp-content\/uploads\/2017\/03\/calendarios2017.jpg 1086w\" sizes=\"auto, (max-width: 300px) 100vw, 300px\" \/><\/a>O Conselho de Ensino, Pesquisa e Extens\u00e3o (CEPE) aprovou nessa ter\u00e7a-feira (15\/3) os calend\u00e1rios da gradua\u00e7\u00e3o e da p\u00f3s-gradua\u00e7\u00e3o presenciais para o primeiro e o segundo per\u00edodo letivo de 2017. <strong>Para a gradua\u00e7\u00e3o, o in\u00edcio do primeiro per\u00edodo letivo, com a recep\u00e7\u00e3o de calouros, ser\u00e1 em 24 de abril de 2017<\/strong>.<!--more--><\/p>\n<p>Al\u00e9m de trazerem como novidade o fato de j\u00e1 estarem contemplados os dois per\u00edodos letivos do ano, um diferencial no <em>calend\u00e1rio da gradua\u00e7\u00e3o<\/em> \u00e9 que foi desmembrado entre <strong>calend\u00e1rio letivo<\/strong> e <strong>cronograma acad\u00eamico<\/strong>. No calend\u00e1rio letivo est\u00e3o apenas datas referentes a atividades letivas, como in\u00edcio e finaliza\u00e7\u00e3o de per\u00edodo, datas de cola\u00e7\u00e3o de grau, de provas de recupera\u00e7\u00e3o, de processos avaliativos previstos nos planos de cursos e de eventos relacionados aos calend\u00e1rios.<\/p>\n<p>J\u00e1 no cronograma acad\u00eamico est\u00e3o prazos relativos a matr\u00edculas, inscri\u00e7\u00f5es, solicita\u00e7\u00f5es de estudantes, procedimentos feitos no sistema por professores, e outras rotinas acad\u00eamicas. De acordo com o pr\u00f3-reitor de Gradua\u00e7\u00e3o, professor \u00a0professor Ronei Ximenes Martins, a mudan\u00e7a tem o objetivo de facilitar a divulga\u00e7\u00e3o das informa\u00e7\u00f5es para \u00a0uma melhor orienta\u00e7\u00e3o de estudantes e professores, al\u00e9m de dar agilidade caso exista necessidade de realizar ajustes no cronograma.<\/p>\n<p><strong>Programa\u00e7\u00e3o Especial<\/strong><\/p>\n<p>O calend\u00e1rio da gradua\u00e7\u00e3o ganhou a inclus\u00e3o, no in\u00edcio de cada per\u00edodo, de uma Semana de Planejamento e Forma\u00e7\u00e3o Docente, que ocorrer\u00e1 articulada com a semana de recep\u00e7\u00e3o dos estudantes. As atividades ser\u00e3o desenvolvidas pela Diretoria de Avalia\u00e7\u00e3o e Desenvolvimento de Ensino (Dade) em parceria com Colegiados de Curso e com o Diret\u00f3rio Central dos Estudantes (DCE). Nessa semana, as aulas ser\u00e3o substitu\u00eddas por atividades acad\u00eamicas, como palestras, f\u00f3runs de debate, apresenta\u00e7\u00f5es e outras.<\/p>\n<p><strong>Confira as datas de in\u00edcio e fim dos per\u00edodos letivos de 2017:<\/strong><\/p>\n<p><a href=\"http:\/\/ufla.br\/calouros\/wp-content\/uploads\/2017\/03\/datas-caledarios-2017-ufla.jpg\"><img loading=\"lazy\" decoding=\"async\" class=\"alignleft size-full wp-image-1191\" src=\"http:\/\/ufla.br\/calouros\/wp-content\/uploads\/2017\/03\/datas-caledarios-2017-ufla.jpg\" alt=\"\" width=\"779\" height=\"289\" srcset=\"https:\/\/ufla.br\/calouros\/wp-content\/uploads\/2017\/03\/datas-caledarios-2017-ufla.jpg 779w, https:\/\/ufla.br\/calouros\/wp-content\/uploads\/2017\/03\/datas-caledarios-2017-ufla-300x111.jpg 300w, https:\/\/ufla.br\/calouros\/wp-content\/uploads\/2017\/03\/datas-caledarios-2017-ufla-768x285.jpg 768w\" sizes=\"auto, (max-width: 779px) 100vw, 779px\" \/><\/a><\/p>\n<p><a href=\"http:\/\/www.ufla.br\/ascom\/wp-content\/uploads\/2017\/03\/calendario-2017-PRG.pdf\">Acesse\u00a0o calend\u00e1rio da Gradua\u00e7\u00e3o Presencial (calend\u00e1rio letivo e cronograma acad\u00eamico)<\/a><\/p>\n<p><a href=\"http:\/\/www.ufla.br\/ascom\/wp-content\/uploads\/2017\/03\/calendario-2017-PRPG.pdf\">Acesse o calend\u00e1rio da P\u00f3s-Gradua\u00e7\u00e3o<\/a><\/p>\n<h5>Texto: Ana Eliza Alvim<\/h5>\n<p>&nbsp;<\/p>\n<!-- AddThis Advanced Settings generic via filter on the_content --><!-- AddThis Share Buttons generic via filter on the_content -->","protected":false},"excerpt":{"rendered":"<p>O Conselho de Ensino, Pesquisa e Extens\u00e3o (CEPE) aprovou nessa ter\u00e7a-feira (15\/3) os calend\u00e1rios da gradua\u00e7\u00e3o e da p\u00f3s-gradua\u00e7\u00e3o presenciais para o primeiro e o segundo per\u00edodo letivo de 2017. Para a gradua\u00e7\u00e3o, o in\u00edcio do primeiro per\u00edodo letivo, com<!-- AddThis Advanced Settings generic via filter on get_the_excerpt --><!-- AddThis Share Buttons generic via filter on get_the_excerpt --><\/p>\n","protected":false},"author":2,"featured_media":0,"comment_status":"open","ping_status":"closed","sticky":false,"template":"","format":"standard","meta":{"footnotes":""},"categories":[1],"tags":[53,46,54],"class_list":["post-1190","post","type-post","status-publish","format-standard","hentry","category-noticias","tag-calendario-2017","tag-calendario-academico","tag-graduacao"],"_links":{"self":[{"href":"https:\/\/ufla.br\/calouros\/wp-json\/wp\/v2\/posts\/1190","targetHints":{"allow":["GET"]}}],"collection":[{"href":"https:\/\/ufla.br\/calouros\/wp-json\/wp\/v2\/posts"}],"about":[{"href":"https:\/\/ufla.br\/calouros\/wp-json\/wp\/v2\/types\/post"}],"author":[{"embeddable":true,"href":"https:\/\/ufla.br\/calouros\/wp-json\/wp\/v2\/users\/2"}],"replies":[{"embeddable":true,"href":"https:\/\/ufla.br\/calouros\/wp-json\/wp\/v2\/comments?post=1190"}],"version-history":[{"count":6,"href":"https:\/\/ufla.br\/calouros\/wp-json\/wp\/v2\/posts\/1190\/revisions"}],"predecessor-version":[{"id":1198,"href":"https:\/\/ufla.br\/calouros\/wp-json\/wp\/v2\/posts\/1190\/revisions\/1198"}],"wp:attachment":[{"href":"https:\/\/ufla.br\/calouros\/wp-json\/wp\/v2\/media?parent=1190"}],"wp:term":[{"taxonomy":"category","embeddable":true,"href":"https:\/\/ufla.br\/calouros\/wp-json\/wp\/v2\/categories?post=1190"},{"taxonomy":"post_tag","embeddable":true,"href":"https:\/\/ufla.br\/calouros\/wp-json\/wp\/v2\/tags?post=1190"}],"curies":[{"name":"wp","href":"https:\/\/api.w.org\/{rel}","templated":true}]}}