{"id":1257,"date":"2017-06-09T14:45:38","date_gmt":"2017-06-09T14:45:38","guid":{"rendered":"http:\/\/ufla.br\/calouros\/?p=1257"},"modified":"2017-06-09T14:45:38","modified_gmt":"2017-06-09T14:45:38","slug":"atencao-candidatos-matricula-dos-aprovados-no-sisu-comecou-nesta-sexta-feira-e-vai-ate-dia-13","status":"publish","type":"post","link":"https:\/\/ufla.br\/calouros\/2017\/06\/09\/atencao-candidatos-matricula-dos-aprovados-no-sisu-comecou-nesta-sexta-feira-e-vai-ate-dia-13\/","title":{"rendered":"Aten\u00e7\u00e3o, candidatos! Matr\u00edcula dos aprovados no Sisu come\u00e7ou nesta sexta-feira e vai at\u00e9 dia 13"},"content":{"rendered":"<p><a href=\"http:\/\/ufla.br\/calouros\/wp-content\/uploads\/2017\/02\/ufla-aerea-2016.jpg\"><img loading=\"lazy\" decoding=\"async\" class=\"alignleft size-medium wp-image-1161\" src=\"http:\/\/ufla.br\/calouros\/wp-content\/uploads\/2017\/02\/ufla-aerea-2016-300x200.jpg\" alt=\"\" width=\"300\" height=\"200\" srcset=\"https:\/\/ufla.br\/calouros\/wp-content\/uploads\/2017\/02\/ufla-aerea-2016-300x200.jpg 300w, https:\/\/ufla.br\/calouros\/wp-content\/uploads\/2017\/02\/ufla-aerea-2016.jpg 750w\" sizes=\"auto, (max-width: 300px) 100vw, 300px\" \/><\/a>O prazo para matr\u00edcula dos aprovados no Sistema de Sele\u00e7\u00e3o Unificada (Sisu) do segundo semestre de 2017 come\u00e7ou nesta sexta-feira (9\/5) e termina na ter\u00e7a-feira (13\/5). A Universidade Federal de Lavras (UFLA) oferece 1255 vagas de cursos de gradua\u00e7\u00e3o presenciais, sendo que 626 est\u00e3o reservadas para modalidade de sele\u00e7\u00e3o por ampla concorr\u00eancia e 629 s\u00e3o destinadas ao sistema de cotas.\u00a0<!--more--><\/p>\n<p>A lista dos convocados em primeira chamada, ficha de cadastro para matr\u00edcula, question\u00e1rio socioecon\u00f4mico e declara\u00e7\u00e3o \u00c9tnico-racial est\u00e3o na p\u00e1gina da Diretoria de Registro e Controle Acad\u00eamico (Clique <strong><a href=\"http:\/\/www.drca.ufla.br\/calouros\/graduacao_presencial\/Calouros20172.asp\">aqui<\/a><\/strong> e confira). A manifesta\u00e7\u00e3o de interesse em participar da lista espera teve in\u00edcio na segunda-feira (5\/6) e encerra em 19 de junho.<\/p>\n<p>No site da Diretoria de Processos Seletivos (DIPS) h\u00e1 uma p\u00e1gina dedicada ao<strong><a href=\"http:\/\/www.dips.ufla.br\/copese\/processoDetail.asp?id=96\"> Sisu 2017\/2<\/a><\/strong>. Nela, \u00e9 poss\u00edvel visualizar op\u00e7\u00f5es de escolha de cursos para o estudante. Entre elas, est\u00e1 a \u00c1rea B\u00e1sica de Ingresso (ABI-Engenharia), que inclui quatro cursos de Engenharia: Civil, de Materiais, Mec\u00e2nica e Qu\u00edmica.<\/p>\n<p><strong><a href=\"http:\/\/www.dips.ufla.br\/copese\/processoDetail.asp?id=96\">Confira aqui<\/a><\/strong> outras informa\u00e7\u00f5es sobre o Sisu na UFLA (termo de ades\u00e3o, cronograma, peso das \u00e1reas no Enem, notas de corte anteriores e legisla\u00e7\u00e3o).<\/p>\n<p><strong><a href=\"http:\/\/www.prg.ufla.br\/site\/cursos\/\">Saiba mais<\/a><\/strong> sobre os cursos de gradua\u00e7\u00e3o presenciais e a dist\u00e2ncia da UFLA.<\/p>\n<h5><strong>Texto: Rafael Passos \u2013 Jornalista\/bolsista \u2013 Fapemig<\/strong><\/h5>\n<p>&nbsp;<\/p>\n<!-- AddThis Advanced Settings generic via filter on the_content --><!-- AddThis Share Buttons generic via filter on the_content -->","protected":false},"excerpt":{"rendered":"<p>O prazo para matr\u00edcula dos aprovados no Sistema de Sele\u00e7\u00e3o Unificada (Sisu) do segundo semestre de 2017 come\u00e7ou nesta sexta-feira (9\/5) e termina na ter\u00e7a-feira (13\/5). A Universidade Federal de Lavras (UFLA) oferece 1255 vagas de cursos de gradua\u00e7\u00e3o presenciais,<!-- AddThis Advanced Settings generic via filter on get_the_excerpt --><!-- AddThis Share Buttons generic via filter on get_the_excerpt --><\/p>\n","protected":false},"author":2,"featured_media":0,"comment_status":"open","ping_status":"closed","sticky":false,"template":"","format":"standard","meta":{"footnotes":""},"categories":[1],"tags":[16,58],"class_list":["post-1257","post","type-post","status-publish","format-standard","hentry","category-noticias","tag-matricula","tag-sisu-20172"],"_links":{"self":[{"href":"https:\/\/ufla.br\/calouros\/wp-json\/wp\/v2\/posts\/1257","targetHints":{"allow":["GET"]}}],"collection":[{"href":"https:\/\/ufla.br\/calouros\/wp-json\/wp\/v2\/posts"}],"about":[{"href":"https:\/\/ufla.br\/calouros\/wp-json\/wp\/v2\/types\/post"}],"author":[{"embeddable":true,"href":"https:\/\/ufla.br\/calouros\/wp-json\/wp\/v2\/users\/2"}],"replies":[{"embeddable":true,"href":"https:\/\/ufla.br\/calouros\/wp-json\/wp\/v2\/comments?post=1257"}],"version-history":[{"count":1,"href":"https:\/\/ufla.br\/calouros\/wp-json\/wp\/v2\/posts\/1257\/revisions"}],"predecessor-version":[{"id":1258,"href":"https:\/\/ufla.br\/calouros\/wp-json\/wp\/v2\/posts\/1257\/revisions\/1258"}],"wp:attachment":[{"href":"https:\/\/ufla.br\/calouros\/wp-json\/wp\/v2\/media?parent=1257"}],"wp:term":[{"taxonomy":"category","embeddable":true,"href":"https:\/\/ufla.br\/calouros\/wp-json\/wp\/v2\/categories?post=1257"},{"taxonomy":"post_tag","embeddable":true,"href":"https:\/\/ufla.br\/calouros\/wp-json\/wp\/v2\/tags?post=1257"}],"curies":[{"name":"wp","href":"https:\/\/api.w.org\/{rel}","templated":true}]}}