{"id":1460,"date":"2019-03-13T10:20:51","date_gmt":"2019-03-13T10:20:51","guid":{"rendered":"http:\/\/www.ufla.br\/calouros\/?p=1460"},"modified":"2019-03-13T13:54:25","modified_gmt":"2019-03-13T13:54:25","slug":"primeiros-passos-na-ufla","status":"publish","type":"post","link":"https:\/\/ufla.br\/calouros\/2019\/03\/13\/primeiros-passos-na-ufla\/","title":{"rendered":"Primeiros passos na UFLA"},"content":{"rendered":"<p>Sejam bem-vindos(as), calouros(as)!<\/p>\n<p>N\u00f3s sabemos que no in\u00edcio tudo parece confuso! Por isso fizemos um v\u00eddeo de orienta\u00e7\u00f5es\u00a0sobre tudo o que voc\u00ea precisa fazer nos primeiros dias na UFLA:<\/p>\n<p><iframe loading=\"lazy\" width=\"720\" height=\"405\" src=\"https:\/\/www.youtube.com\/embed\/videoseries?list=PLJF_-yh7uQ_GGR_RnivRIn6y35Yto282z\" frameborder=\"0\" allow=\"accelerometer; autoplay; encrypted-media; gyroscope; picture-in-picture\" allowfullscreen><\/iframe><\/p>\n<!-- AddThis Advanced Settings generic via filter on the_content --><!-- AddThis Share Buttons generic via filter on the_content -->","protected":false},"excerpt":{"rendered":"<p>Sejam bem-vindos(as), calouros(as)! N\u00f3s sabemos que no in\u00edcio tudo parece confuso! Por isso fizemos um v\u00eddeo de orienta\u00e7\u00f5es\u00a0sobre tudo o que voc\u00ea precisa fazer nos primeiros dias na UFLA:<!-- AddThis Advanced Settings generic via filter on get_the_excerpt --><!-- AddThis Share Buttons generic via filter on get_the_excerpt --><\/p>\n","protected":false},"author":9,"featured_media":0,"comment_status":"open","ping_status":"closed","sticky":false,"template":"","format":"standard","meta":{"footnotes":""},"categories":[1],"tags":[66,70,69,67,68],"class_list":["post-1460","post","type-post","status-publish","format-standard","hentry","category-noticias","tag-calouro","tag-primeiros-dias-na-universidade","tag-universidade","tag-vida-de-calouro","tag-vida-universitaria"],"_links":{"self":[{"href":"https:\/\/ufla.br\/calouros\/wp-json\/wp\/v2\/posts\/1460","targetHints":{"allow":["GET"]}}],"collection":[{"href":"https:\/\/ufla.br\/calouros\/wp-json\/wp\/v2\/posts"}],"about":[{"href":"https:\/\/ufla.br\/calouros\/wp-json\/wp\/v2\/types\/post"}],"author":[{"embeddable":true,"href":"https:\/\/ufla.br\/calouros\/wp-json\/wp\/v2\/users\/9"}],"replies":[{"embeddable":true,"href":"https:\/\/ufla.br\/calouros\/wp-json\/wp\/v2\/comments?post=1460"}],"version-history":[{"count":2,"href":"https:\/\/ufla.br\/calouros\/wp-json\/wp\/v2\/posts\/1460\/revisions"}],"predecessor-version":[{"id":1536,"href":"https:\/\/ufla.br\/calouros\/wp-json\/wp\/v2\/posts\/1460\/revisions\/1536"}],"wp:attachment":[{"href":"https:\/\/ufla.br\/calouros\/wp-json\/wp\/v2\/media?parent=1460"}],"wp:term":[{"taxonomy":"category","embeddable":true,"href":"https:\/\/ufla.br\/calouros\/wp-json\/wp\/v2\/categories?post=1460"},{"taxonomy":"post_tag","embeddable":true,"href":"https:\/\/ufla.br\/calouros\/wp-json\/wp\/v2\/tags?post=1460"}],"curies":[{"name":"wp","href":"https:\/\/api.w.org\/{rel}","templated":true}]}}