{"id":1555,"date":"2019-07-31T15:33:39","date_gmt":"2019-07-31T15:33:39","guid":{"rendered":"http:\/\/www.ufla.br\/calouros\/?p=1555"},"modified":"2019-07-31T15:33:39","modified_gmt":"2019-07-31T15:33:39","slug":"recepcao-de-calouros-2019-2-atividades-tem-inicio-em-14-8","status":"publish","type":"post","link":"https:\/\/ufla.br\/calouros\/2019\/07\/31\/recepcao-de-calouros-2019-2-atividades-tem-inicio-em-14-8\/","title":{"rendered":"Recep\u00e7\u00e3o de Calouros 2019\/2 \u2013 atividades t\u00eam in\u00edcio em 14\/8"},"content":{"rendered":"<p><a href=\"http:\/\/www.ufla.br\/calouros\/wp-content\/uploads\/2019\/07\/Recep\u00e7\u00e3o-de-Calouros-Instagram.jpg\"><img loading=\"lazy\" decoding=\"async\" class=\"alignright size-medium wp-image-1558\" src=\"http:\/\/www.ufla.br\/calouros\/wp-content\/uploads\/2019\/07\/Recep\u00e7\u00e3o-de-Calouros-Instagram-300x300.jpg\" alt=\"\" width=\"300\" height=\"300\" srcset=\"https:\/\/ufla.br\/calouros\/wp-content\/uploads\/2019\/07\/Recep\u00e7\u00e3o-de-Calouros-Instagram-300x300.jpg 300w, https:\/\/ufla.br\/calouros\/wp-content\/uploads\/2019\/07\/Recep\u00e7\u00e3o-de-Calouros-Instagram-150x150.jpg 150w, https:\/\/ufla.br\/calouros\/wp-content\/uploads\/2019\/07\/Recep\u00e7\u00e3o-de-Calouros-Instagram-768x768.jpg 768w, https:\/\/ufla.br\/calouros\/wp-content\/uploads\/2019\/07\/Recep\u00e7\u00e3o-de-Calouros-Instagram-1024x1024.jpg 1024w, https:\/\/ufla.br\/calouros\/wp-content\/uploads\/2019\/07\/Recep\u00e7\u00e3o-de-Calouros-Instagram-230x230.jpg 230w, https:\/\/ufla.br\/calouros\/wp-content\/uploads\/2019\/07\/Recep\u00e7\u00e3o-de-Calouros-Instagram-365x365.jpg 365w, https:\/\/ufla.br\/calouros\/wp-content\/uploads\/2019\/07\/Recep\u00e7\u00e3o-de-Calouros-Instagram.jpg 1920w\" sizes=\"auto, (max-width: 300px) 100vw, 300px\" \/><\/a><\/p>\n<p style=\"text-align: justify;\">A Universidade Federal de Lavras (UFLA) realiza entre os dias 14 e 16\/8 a recep\u00e7\u00e3o dos calouros 2019\/2. As atividades promovidas pela Pr\u00f3-reitoria de Gradua\u00e7\u00e3o (PRG) buscam integrar os novos estudantes e apresentar as estruturas dos cursos e da Universidade.<\/p>\n<p style=\"text-align: justify;\">No primeiro dia, \u00e0s 9h, ser\u00e1 realizado o encontro com o reitor da UFLA, professor Jos\u00e9 Roberto Soares Scolforo. O credenciamento tem in\u00edcio \u00e0s 8h30. Entre os dias 14\/8 e 15\/8, os estudantes se re\u00fanem com a coordena\u00e7\u00e3o dos cursos, em hor\u00e1rios definidos na programa\u00e7\u00e3o. Na oportunidade, os calouros recebem tamb\u00e9m um kit com sacola ecol\u00f3gica, caneca e o cart\u00e3o de identifica\u00e7\u00e3o, documento com o qual ter\u00e3o acesso a servi\u00e7os da Institui\u00e7\u00e3o. No dia 16\/8, o Diret\u00f3rio Central dos Estudantes (DCE) recepciona os novos estudantes no Centro de Integra\u00e7\u00e3o Universit\u00e1ria (Ciuni) \u00e0s 14h.<\/p>\n<p style=\"text-align: justify;\">A presen\u00e7a na Semana de Recep\u00e7\u00e3o de Calouros \u00e9 obrigat\u00f3ria todos os dias, de acordo com a resolu\u00e7\u00e3o 473 do Conselho de Ensino, Pesquisa e Extens\u00e3o (CEPE). Caso o estudante n\u00e3o possa comparecer, deve apresentar justificativa junto \u00e0 PRG. Em seu Art. 41, a resolu\u00e7\u00e3o disp\u00f5e que:<\/p>\n<p>&#8220;\u00a7 1\u00ba O estudante ingressante que, sem justificativa, deixar de frequentar atividades previstas para a Recep\u00e7\u00e3o de Calouros ser\u00e1 automaticamente desvinculado do curso e da Universidade e ser\u00e1 convocado para matr\u00edcula o candidato imediatamente subsequente na lista de classifica\u00e7\u00e3o.<br \/>\n\u00a7 2\u00ba A justificativa referida no par\u00e1grafo anterior dever\u00e1 ser protocolada na PRG, ou em setor por ela designado, no prazo<br \/>\nm\u00e1ximo de at\u00e9 2 (dois) dias \u00fateis ap\u00f3s a falta na atividade da Recep\u00e7\u00e3o de Calouros.<br \/>\n(O formul\u00e1rio para justificativa de aus\u00eancia est\u00e1 dispon\u00edvel no site prg.ufla.br).&#8221;<\/p>\n<p><a href=\"http:\/\/www.ufla.br\/calouros\/wp-content\/uploads\/2019\/07\/Programa\u00e7\u00e3o-Recep\u00e7\u00e3o-de-Calouros-2019-2.pdf\">Acesse aqui a programa\u00e7\u00e3o completa da Recep\u00e7\u00e3o de Calouros 2019\/2.<\/a><\/p>\n<p>&nbsp;<\/p>\n<!-- AddThis Advanced Settings generic via filter on the_content --><!-- AddThis Share Buttons generic via filter on the_content -->","protected":false},"excerpt":{"rendered":"<p>A Universidade Federal de Lavras (UFLA) realiza entre os dias 14 e 16\/8 a recep\u00e7\u00e3o dos calouros 2019\/2. As atividades promovidas pela Pr\u00f3-reitoria de Gradua\u00e7\u00e3o (PRG) buscam integrar os novos estudantes e apresentar as estruturas dos cursos e da Universidade.<!-- AddThis Advanced Settings generic via filter on get_the_excerpt --><!-- AddThis Share Buttons generic via filter on get_the_excerpt --><\/p>\n","protected":false},"author":11,"featured_media":0,"comment_status":"open","ping_status":"closed","sticky":false,"template":"","format":"standard","meta":{"footnotes":""},"categories":[1],"tags":[],"class_list":["post-1555","post","type-post","status-publish","format-standard","hentry","category-noticias"],"_links":{"self":[{"href":"https:\/\/ufla.br\/calouros\/wp-json\/wp\/v2\/posts\/1555","targetHints":{"allow":["GET"]}}],"collection":[{"href":"https:\/\/ufla.br\/calouros\/wp-json\/wp\/v2\/posts"}],"about":[{"href":"https:\/\/ufla.br\/calouros\/wp-json\/wp\/v2\/types\/post"}],"author":[{"embeddable":true,"href":"https:\/\/ufla.br\/calouros\/wp-json\/wp\/v2\/users\/11"}],"replies":[{"embeddable":true,"href":"https:\/\/ufla.br\/calouros\/wp-json\/wp\/v2\/comments?post=1555"}],"version-history":[{"count":4,"href":"https:\/\/ufla.br\/calouros\/wp-json\/wp\/v2\/posts\/1555\/revisions"}],"predecessor-version":[{"id":1563,"href":"https:\/\/ufla.br\/calouros\/wp-json\/wp\/v2\/posts\/1555\/revisions\/1563"}],"wp:attachment":[{"href":"https:\/\/ufla.br\/calouros\/wp-json\/wp\/v2\/media?parent=1555"}],"wp:term":[{"taxonomy":"category","embeddable":true,"href":"https:\/\/ufla.br\/calouros\/wp-json\/wp\/v2\/categories?post=1555"},{"taxonomy":"post_tag","embeddable":true,"href":"https:\/\/ufla.br\/calouros\/wp-json\/wp\/v2\/tags?post=1555"}],"curies":[{"name":"wp","href":"https:\/\/api.w.org\/{rel}","templated":true}]}}