{"id":2119,"date":"2023-03-17T08:46:55","date_gmt":"2023-03-17T11:46:55","guid":{"rendered":"https:\/\/ufla.br\/calouros\/?p=2119"},"modified":"2023-03-17T08:46:57","modified_gmt":"2023-03-17T11:46:57","slug":"segundas-chamadas-do-sisu-e-do-pas-ja-estao-disponiveis-matriculas-ate-20-3","status":"publish","type":"post","link":"https:\/\/ufla.br\/calouros\/2023\/03\/17\/segundas-chamadas-do-sisu-e-do-pas-ja-estao-disponiveis-matriculas-ate-20-3\/","title":{"rendered":"Segundas chamadas do SiSU e do PAS j\u00e1 est\u00e3o dispon\u00edveis &#8211; matr\u00edculas at\u00e9 20\/3"},"content":{"rendered":"\n<p>3 12:19&nbsp;|&nbsp;\u00daltima Atualiza\u00e7\u00e3o: Quinta, 16 Mar\u00e7o 2023 07:35<\/p>\n\n\n\n<div class=\"wp-block-media-text alignwide is-stacked-on-mobile\"><figure class=\"wp-block-media-text__media\"><img decoding=\"async\" src=\"https:\/\/ufla.br\/images\/noticias\/2023\/03_MAR\/2-chamada-sisu-pas-2020-1.jpg\" alt=\"Gentileza solicitar descri\u00e7\u00e3o da imagem\"\/><\/figure><div class=\"wp-block-media-text__content\">\n<p>A Universidade Federal de Lavras (UFLA) divulgou na segunda-feira (14\/3) a segunda chamada do Processo de Avalia\u00e7\u00e3o Seriada (PAS) e do Sistema de Sele\u00e7\u00e3o Unificada (SISU) referentes ao primeiro semestre letivo de 2023.&nbsp;<a href=\"https:\/\/sig.ufla.br\/modulos\/processos_seletivos_alunos\/candidatos_alunos\/acesso\/chamadas.php\">Os candidatos j\u00e1 podem consultar as listas dos convocados no Sistema Integrado de Gest\u00e3o (SIG).<\/a><\/p>\n\n\n\n<p>As matr\u00edculas devem ser realizadas entre os dias&nbsp;<strong>14 e 20\/3.<\/strong>&nbsp;<a href=\"https:\/\/drca.ufla.br\/graduacao\/matriculas\">Os aprovados dever\u00e3o enviar a documenta\u00e7\u00e3o digitalizada pelo SIG, conforme consta nas instru\u00e7\u00f5es de matr\u00edcula.<\/a><\/p>\n\n\n\n<p>A divulga\u00e7\u00e3o da terceira chamada est\u00e1 prevista para o dia 23\/3.<\/p>\n<\/div><\/div>\n\n\n\n<h3 class=\"wp-block-heading\"><strong>Confira as instru\u00e7\u00f5es de matr\u00edcula inicial:<\/strong><\/h3>\n\n\n\n<figure class=\"wp-block-embed-youtube wp-block-embed is-type-rich is-provider-incorporar-manipulador wp-embed-aspect-16-9 wp-has-aspect-ratio\"><div class=\"wp-block-embed__wrapper\">\n<iframe loading=\"lazy\" title=\"Passo a passo para matr\u00edcula inicial na UFLA\" width=\"720\" height=\"405\" src=\"https:\/\/www.youtube.com\/embed\/qCryzUUE3fw?feature=oembed\" frameborder=\"0\" allow=\"accelerometer; autoplay; clipboard-write; encrypted-media; gyroscope; picture-in-picture; web-share\" allowfullscreen><\/iframe>\n<\/div><\/figure>\n\n\n\n<p><strong><br>Est\u00e1 ingressando por cotas?&nbsp;<a href=\"https:\/\/bit.ly\/documentos-vagasreservadas\">Confira os documentos obrigat\u00f3rios para cada grupo de vagas reservadas.<\/a><\/strong><\/p>\n<!-- AddThis Advanced Settings generic via filter on the_content --><!-- AddThis Share Buttons generic via filter on the_content -->","protected":false},"excerpt":{"rendered":"<p>3 12:19&nbsp;|&nbsp;\u00daltima Atualiza\u00e7\u00e3o: Quinta, 16 Mar\u00e7o 2023 07:35 A Universidade Federal de Lavras (UFLA) divulgou na segunda-feira (14\/3) a segunda chamada do Processo de Avalia\u00e7\u00e3o Seriada (PAS) e do Sistema de Sele\u00e7\u00e3o Unificada (SISU) referentes ao primeiro semestre letivo de<!-- AddThis Advanced Settings generic via filter on get_the_excerpt --><!-- AddThis Share Buttons generic via filter on get_the_excerpt --><\/p>\n","protected":false},"author":12,"featured_media":0,"comment_status":"open","ping_status":"closed","sticky":false,"template":"","format":"standard","meta":{"footnotes":""},"categories":[1],"tags":[],"class_list":["post-2119","post","type-post","status-publish","format-standard","hentry","category-noticias"],"_links":{"self":[{"href":"https:\/\/ufla.br\/calouros\/wp-json\/wp\/v2\/posts\/2119","targetHints":{"allow":["GET"]}}],"collection":[{"href":"https:\/\/ufla.br\/calouros\/wp-json\/wp\/v2\/posts"}],"about":[{"href":"https:\/\/ufla.br\/calouros\/wp-json\/wp\/v2\/types\/post"}],"author":[{"embeddable":true,"href":"https:\/\/ufla.br\/calouros\/wp-json\/wp\/v2\/users\/12"}],"replies":[{"embeddable":true,"href":"https:\/\/ufla.br\/calouros\/wp-json\/wp\/v2\/comments?post=2119"}],"version-history":[{"count":1,"href":"https:\/\/ufla.br\/calouros\/wp-json\/wp\/v2\/posts\/2119\/revisions"}],"predecessor-version":[{"id":2121,"href":"https:\/\/ufla.br\/calouros\/wp-json\/wp\/v2\/posts\/2119\/revisions\/2121"}],"wp:attachment":[{"href":"https:\/\/ufla.br\/calouros\/wp-json\/wp\/v2\/media?parent=2119"}],"wp:term":[{"taxonomy":"category","embeddable":true,"href":"https:\/\/ufla.br\/calouros\/wp-json\/wp\/v2\/categories?post=2119"},{"taxonomy":"post_tag","embeddable":true,"href":"https:\/\/ufla.br\/calouros\/wp-json\/wp\/v2\/tags?post=2119"}],"curies":[{"name":"wp","href":"https:\/\/api.w.org\/{rel}","templated":true}]}}