{"id":2295,"date":"2025-06-12T09:15:26","date_gmt":"2025-06-12T12:15:26","guid":{"rendered":"https:\/\/ufla.br\/calouros\/?p=2295"},"modified":"2025-07-10T12:25:41","modified_gmt":"2025-07-10T15:25:41","slug":"embaixadoresufla-bruno-fernandes-garcia-fisica-licenciatura","status":"publish","type":"post","link":"https:\/\/ufla.br\/calouros\/2025\/06\/12\/embaixadoresufla-bruno-fernandes-garcia-fisica-licenciatura\/","title":{"rendered":"#EmbaixadoresUFLA \u2013 Bruno Fernandes Garcia \u2013 F\u00edsica Licenciatura\u00a0"},"content":{"rendered":"\n<p>Conhe\u00e7a um pouco da hist\u00f3ria do ex-aluno Bruno Fernandes Garcia, graduada em\u00a0<a href=\"https:\/\/icet.ufla.br\/graduacao\/fisica-licenciatura\" target=\"_blank\" rel=\"noreferrer noopener\">#F\u00edsicaLicenciatura<\/a>\u00a0pela\u00a0<a href=\"https:\/\/ufla.br\/\" target=\"_blank\" rel=\"noreferrer noopener\">#UFLA<\/a>, que hoje est\u00e1 no mercado de trabalho fazendo a diferen\u00e7a e mostrando para o mundo a qualidade de ensino da institui\u00e7\u00e3o.<\/p>\n\n\n\n<figure class=\"wp-block-embed is-type-video is-provider-youtube wp-block-embed-youtube wp-embed-aspect-16-9 wp-has-aspect-ratio\"><div class=\"wp-block-embed__wrapper\">\n<iframe loading=\"lazy\" title=\"#EmbaixadoresUFLA \u2013 Bruno Fernandes Garcia \u2013 F\u00edsica Licenciatura\" width=\"720\" height=\"405\" src=\"https:\/\/www.youtube.com\/embed\/i54MjgN96DY?feature=oembed\" frameborder=\"0\" allow=\"accelerometer; autoplay; clipboard-write; encrypted-media; gyroscope; picture-in-picture; web-share\" referrerpolicy=\"strict-origin-when-cross-origin\" allowfullscreen><\/iframe>\n<\/div><\/figure>\n<!-- AddThis Advanced Settings generic via filter on the_content --><!-- AddThis Share Buttons generic via filter on the_content -->","protected":false},"excerpt":{"rendered":"<p>Conhe\u00e7a um pouco da hist\u00f3ria do ex-aluno Bruno Fernandes Garcia, graduada em\u00a0#F\u00edsicaLicenciatura\u00a0pela\u00a0#UFLA, que hoje est\u00e1 no mercado de trabalho fazendo a diferen\u00e7a e mostrando para o mundo a qualidade de ensino da institui\u00e7\u00e3o.<!-- AddThis Advanced Settings generic via filter on get_the_excerpt --><!-- AddThis Share Buttons generic via filter on get_the_excerpt --><\/p>\n","protected":false},"author":16,"featured_media":0,"comment_status":"open","ping_status":"closed","sticky":false,"template":"","format":"standard","meta":{"footnotes":""},"categories":[1],"tags":[],"class_list":["post-2295","post","type-post","status-publish","format-standard","hentry","category-noticias"],"_links":{"self":[{"href":"https:\/\/ufla.br\/calouros\/wp-json\/wp\/v2\/posts\/2295","targetHints":{"allow":["GET"]}}],"collection":[{"href":"https:\/\/ufla.br\/calouros\/wp-json\/wp\/v2\/posts"}],"about":[{"href":"https:\/\/ufla.br\/calouros\/wp-json\/wp\/v2\/types\/post"}],"author":[{"embeddable":true,"href":"https:\/\/ufla.br\/calouros\/wp-json\/wp\/v2\/users\/16"}],"replies":[{"embeddable":true,"href":"https:\/\/ufla.br\/calouros\/wp-json\/wp\/v2\/comments?post=2295"}],"version-history":[{"count":2,"href":"https:\/\/ufla.br\/calouros\/wp-json\/wp\/v2\/posts\/2295\/revisions"}],"predecessor-version":[{"id":2300,"href":"https:\/\/ufla.br\/calouros\/wp-json\/wp\/v2\/posts\/2295\/revisions\/2300"}],"wp:attachment":[{"href":"https:\/\/ufla.br\/calouros\/wp-json\/wp\/v2\/media?parent=2295"}],"wp:term":[{"taxonomy":"category","embeddable":true,"href":"https:\/\/ufla.br\/calouros\/wp-json\/wp\/v2\/categories?post=2295"},{"taxonomy":"post_tag","embeddable":true,"href":"https:\/\/ufla.br\/calouros\/wp-json\/wp\/v2\/tags?post=2295"}],"curies":[{"name":"wp","href":"https:\/\/api.w.org\/{rel}","templated":true}]}}