{"id":2313,"date":"2025-08-07T12:12:22","date_gmt":"2025-08-07T15:12:22","guid":{"rendered":"https:\/\/ufla.br\/calouros\/?p=2313"},"modified":"2025-08-07T12:12:32","modified_gmt":"2025-08-07T15:12:32","slug":"embaixadoresufla-agatha-alessandra-baia-colares-administracao-publica","status":"publish","type":"post","link":"https:\/\/ufla.br\/calouros\/2025\/08\/07\/embaixadoresufla-agatha-alessandra-baia-colares-administracao-publica\/","title":{"rendered":"#EmbaixadoresUFLA \u2013 Agatha Alessandra Baia Colares \u2013 Administra\u00e7\u00e3o P\u00fablica"},"content":{"rendered":"\n<p>Conhe\u00e7a um pouco da hist\u00f3ria do ex-aluna Agatha Alessandra Baia Colares, graduada em\u00a0<a href=\"https:\/\/fcsa.ufla.br\/graduacao\/administracao-publica-bacharelado\" target=\"_blank\" rel=\"noreferrer noopener\">#Administra\u00e7\u00e3oP\u00fablica<\/a>\u00a0pela\u00a0<a href=\"https:\/\/ufla.br\/\" target=\"_blank\" rel=\"noreferrer noopener\">#UFLA<\/a>, que hoje est\u00e1 no mercado de trabalho fazendo a diferen\u00e7a e mostrando para o mundo a qualidade de ensino da institui\u00e7\u00e3o.<\/p>\n\n\n\n<figure class=\"wp-block-embed is-type-video is-provider-youtube wp-block-embed-youtube wp-embed-aspect-16-9 wp-has-aspect-ratio\"><div class=\"wp-block-embed__wrapper\">\n<iframe loading=\"lazy\" title=\"#EmbaixadoresUFLA \u2013 Agatha Alessandra Baia Colares \u2013 Administra\u00e7\u00e3o P\u00fablica\" width=\"720\" height=\"405\" src=\"https:\/\/www.youtube.com\/embed\/WDWvQ2ewGQA?feature=oembed\" frameborder=\"0\" allow=\"accelerometer; autoplay; clipboard-write; encrypted-media; gyroscope; picture-in-picture; web-share\" referrerpolicy=\"strict-origin-when-cross-origin\" allowfullscreen><\/iframe>\n<\/div><\/figure>\n<!-- AddThis Advanced Settings generic via filter on the_content --><!-- AddThis Share Buttons generic via filter on the_content -->","protected":false},"excerpt":{"rendered":"<p>Conhe\u00e7a um pouco da hist\u00f3ria do ex-aluna Agatha Alessandra Baia Colares, graduada em\u00a0#Administra\u00e7\u00e3oP\u00fablica\u00a0pela\u00a0#UFLA, que hoje est\u00e1 no mercado de trabalho fazendo a diferen\u00e7a e mostrando para o mundo a qualidade de ensino da institui\u00e7\u00e3o.<!-- AddThis Advanced Settings generic via filter on get_the_excerpt --><!-- AddThis Share Buttons generic via filter on get_the_excerpt --><\/p>\n","protected":false},"author":16,"featured_media":0,"comment_status":"open","ping_status":"closed","sticky":false,"template":"","format":"standard","meta":{"footnotes":""},"categories":[1],"tags":[],"class_list":["post-2313","post","type-post","status-publish","format-standard","hentry","category-noticias"],"_links":{"self":[{"href":"https:\/\/ufla.br\/calouros\/wp-json\/wp\/v2\/posts\/2313","targetHints":{"allow":["GET"]}}],"collection":[{"href":"https:\/\/ufla.br\/calouros\/wp-json\/wp\/v2\/posts"}],"about":[{"href":"https:\/\/ufla.br\/calouros\/wp-json\/wp\/v2\/types\/post"}],"author":[{"embeddable":true,"href":"https:\/\/ufla.br\/calouros\/wp-json\/wp\/v2\/users\/16"}],"replies":[{"embeddable":true,"href":"https:\/\/ufla.br\/calouros\/wp-json\/wp\/v2\/comments?post=2313"}],"version-history":[{"count":1,"href":"https:\/\/ufla.br\/calouros\/wp-json\/wp\/v2\/posts\/2313\/revisions"}],"predecessor-version":[{"id":2314,"href":"https:\/\/ufla.br\/calouros\/wp-json\/wp\/v2\/posts\/2313\/revisions\/2314"}],"wp:attachment":[{"href":"https:\/\/ufla.br\/calouros\/wp-json\/wp\/v2\/media?parent=2313"}],"wp:term":[{"taxonomy":"category","embeddable":true,"href":"https:\/\/ufla.br\/calouros\/wp-json\/wp\/v2\/categories?post=2313"},{"taxonomy":"post_tag","embeddable":true,"href":"https:\/\/ufla.br\/calouros\/wp-json\/wp\/v2\/tags?post=2313"}],"curies":[{"name":"wp","href":"https:\/\/api.w.org\/{rel}","templated":true}]}}