{"id":376,"date":"2014-08-16T18:44:17","date_gmt":"2014-08-16T18:44:17","guid":{"rendered":"http:\/\/ufla.br\/calouros\/?p=376"},"modified":"2014-08-17T17:18:12","modified_gmt":"2014-08-17T17:18:12","slug":"reitor-da-ufla-da-boas-vindas-aos-calouros-confiram-o-video","status":"publish","type":"post","link":"https:\/\/ufla.br\/calouros\/2014\/08\/16\/reitor-da-ufla-da-boas-vindas-aos-calouros-confiram-o-video\/","title":{"rendered":"Reitor da UFLA d\u00e1 boas-vindas aos calouros. Confiram o v\u00eddeo!"},"content":{"rendered":"<p>O Reitor da UFLA, professor Jos\u00e9 Roberto Soares Scolforo gravou um v\u00eddeo especial para o <strong>#BlogDoCalouro<\/strong>. Ele falou coisas importantes que todo estudante novato deve saber.<!--more--><\/p>\n<p>Estamos todos muito felizes com a chegada de voc\u00eas, que d\u00e3o vida \u00e0 Universidade, e que enaltecem a nossa marca em todo o pa\u00eds, e at\u00e9 no mundo! Sejam muito bem-vindos!<\/p>\n<hr \/>\n<p><iframe loading=\"lazy\" src=\"\/\/www.youtube-nocookie.com\/embed\/MRN4XU86Of8?rel=0\" width=\"853\" height=\"480\" frameborder=\"0\" allowfullscreen=\"allowfullscreen\"><\/iframe><\/p>\n<!-- AddThis Advanced Settings generic via filter on the_content --><!-- AddThis Share Buttons generic via filter on the_content -->","protected":false},"excerpt":{"rendered":"<p>O Reitor da UFLA, professor Jos\u00e9 Roberto Soares Scolforo gravou um v\u00eddeo especial para o #BlogDoCalouro. Ele falou coisas importantes que todo estudante novato deve saber.<!-- AddThis Advanced Settings generic via filter on get_the_excerpt --><!-- AddThis Share Buttons generic via filter on get_the_excerpt --><\/p>\n","protected":false},"author":2,"featured_media":0,"comment_status":"open","ping_status":"closed","sticky":false,"template":"","format":"standard","meta":{"footnotes":""},"categories":[1],"tags":[24,13,12,21,14,11,15,5],"class_list":["post-376","post","type-post","status-publish","format-standard","hentry","category-noticias","tag-alojamento","tag-assistencia-estudantil","tag-bem-vindos-calouros","tag-mamute","tag-regras","tag-reitor-da-ufla","tag-reitoria","tag-ufla"],"_links":{"self":[{"href":"https:\/\/ufla.br\/calouros\/wp-json\/wp\/v2\/posts\/376","targetHints":{"allow":["GET"]}}],"collection":[{"href":"https:\/\/ufla.br\/calouros\/wp-json\/wp\/v2\/posts"}],"about":[{"href":"https:\/\/ufla.br\/calouros\/wp-json\/wp\/v2\/types\/post"}],"author":[{"embeddable":true,"href":"https:\/\/ufla.br\/calouros\/wp-json\/wp\/v2\/users\/2"}],"replies":[{"embeddable":true,"href":"https:\/\/ufla.br\/calouros\/wp-json\/wp\/v2\/comments?post=376"}],"version-history":[{"count":6,"href":"https:\/\/ufla.br\/calouros\/wp-json\/wp\/v2\/posts\/376\/revisions"}],"predecessor-version":[{"id":384,"href":"https:\/\/ufla.br\/calouros\/wp-json\/wp\/v2\/posts\/376\/revisions\/384"}],"wp:attachment":[{"href":"https:\/\/ufla.br\/calouros\/wp-json\/wp\/v2\/media?parent=376"}],"wp:term":[{"taxonomy":"category","embeddable":true,"href":"https:\/\/ufla.br\/calouros\/wp-json\/wp\/v2\/categories?post=376"},{"taxonomy":"post_tag","embeddable":true,"href":"https:\/\/ufla.br\/calouros\/wp-json\/wp\/v2\/tags?post=376"}],"curies":[{"name":"wp","href":"https:\/\/api.w.org\/{rel}","templated":true}]}}