{"id":804,"date":"2016-03-20T08:36:36","date_gmt":"2016-03-20T08:36:36","guid":{"rendered":"http:\/\/ufla.br\/calouros\/?p=804"},"modified":"2016-03-23T10:37:19","modified_gmt":"2016-03-23T10:37:19","slug":"confira-os-calendarios-letivos-graduacao-e-pos-para-o-primeiro-periodo-de-2016","status":"publish","type":"post","link":"https:\/\/ufla.br\/calouros\/2016\/03\/20\/confira-os-calendarios-letivos-graduacao-e-pos-para-o-primeiro-periodo-de-2016\/","title":{"rendered":"Confira os calend\u00e1rios letivos (gradua\u00e7\u00e3o e p\u00f3s) para o primeiro per\u00edodo de 2016"},"content":{"rendered":"<p><a href=\"http:\/\/ufla.br\/calouros\/wp-content\/uploads\/2016\/03\/estudantes.jpg\"><img loading=\"lazy\" decoding=\"async\" class=\"alignright size-medium wp-image-805\" src=\"http:\/\/ufla.br\/calouros\/wp-content\/uploads\/2016\/03\/estudantes-300x200.jpg\" alt=\"estudantes\" width=\"300\" height=\"200\" srcset=\"https:\/\/ufla.br\/calouros\/wp-content\/uploads\/2016\/03\/estudantes-300x200.jpg 300w, https:\/\/ufla.br\/calouros\/wp-content\/uploads\/2016\/03\/estudantes.jpg 800w\" sizes=\"auto, (max-width: 300px) 100vw, 300px\" \/><\/a>As Pr\u00f3-Reitorias de Gradua\u00e7\u00e3o (<a href=\"http:\/\/www.prg.ufla.br\/\">PRG<\/a>) e de P\u00f3s-Gradua\u00e7\u00e3o (<a href=\"http:\/\/www.prpg.ufla.br\/\">PRPG<\/a>) divulgaram seus respectivos calend\u00e1rios letivos para o per\u00edodo\u00a02016\/1.<!--more--><\/p>\n<p>Tais documentos informam as datas dos principais eventos acad\u00eamicos do per\u00edodo, incluindo prazos de matr\u00edculas, editais (mudan\u00e7a interna e transfer\u00eancia externa), procedimentos para cola\u00e7\u00e3o de grau, recessos e outros. Os calend\u00e1rios foram aprovados pelo Conselho Superior de Ensino, Pesquisa e Extens\u00e3o da UFLA (CEPE) no in\u00edcio de mar\u00e7o.<\/p>\n<p>Para a gradua\u00e7\u00e3o presencial, o per\u00edodo\u00a02016\/1 inicia-se no dia 25 de abril e termina em 25 de agosto. A previs\u00e3o de in\u00edcio do 2\u00ba per\u00edodo\u00a0letivo de 2016 \u00e9 19 de setembro.<\/p>\n<p><a href=\"http:\/\/bit.ly\/1X7yCvJ\">Acesse aqui o calend\u00e1rio 2016\/1 \u2013 Gradua\u00e7\u00e3o<\/a><\/p>\n<p>J\u00e1 o per\u00edodo letivo 2016\/1 para a p\u00f3s-gradua\u00e7\u00e3o <em>stricto sensu<\/em> da UFLA ser\u00e1 iniciado no dia 9 de maio e se encerrar\u00e1 em 26 de agosto. O segundo per\u00edodo letivo de 2016, para a p\u00f3s-gradua\u00e7\u00e3o, tamb\u00e9m est\u00e1 previsto para se iniciar em 19 de setembro. O prazo de matr\u00edculas dos estudantes que foram selecionados para ingresso em cursos de p\u00f3s-gradua\u00e7\u00e3o da UFLA no primeiro per\u00edodo letivo de 2016 vai de 7\/3 a 2\/5.<\/p>\n<p><a href=\"http:\/\/bit.ly\/1M3fokQ\">Acesse aqui o calend\u00e1rio 2016\/1 \u2013 P\u00f3s-Gradua\u00e7\u00e3o<\/a><\/p>\n<p>&nbsp;<\/p>\n<!-- AddThis Advanced Settings generic via filter on the_content --><!-- AddThis Share Buttons generic via filter on the_content -->","protected":false},"excerpt":{"rendered":"<p>As Pr\u00f3-Reitorias de Gradua\u00e7\u00e3o (PRG) e de P\u00f3s-Gradua\u00e7\u00e3o (PRPG) divulgaram seus respectivos calend\u00e1rios letivos para o per\u00edodo\u00a02016\/1.<!-- AddThis Advanced Settings generic via filter on get_the_excerpt --><!-- AddThis Share Buttons generic via filter on get_the_excerpt --><\/p>\n","protected":false},"author":2,"featured_media":0,"comment_status":"open","ping_status":"closed","sticky":false,"template":"","format":"standard","meta":{"footnotes":""},"categories":[1],"tags":[28,3],"class_list":["post-804","post","type-post","status-publish","format-standard","hentry","category-noticias","tag-calendario","tag-calendario-escolar"],"_links":{"self":[{"href":"https:\/\/ufla.br\/calouros\/wp-json\/wp\/v2\/posts\/804","targetHints":{"allow":["GET"]}}],"collection":[{"href":"https:\/\/ufla.br\/calouros\/wp-json\/wp\/v2\/posts"}],"about":[{"href":"https:\/\/ufla.br\/calouros\/wp-json\/wp\/v2\/types\/post"}],"author":[{"embeddable":true,"href":"https:\/\/ufla.br\/calouros\/wp-json\/wp\/v2\/users\/2"}],"replies":[{"embeddable":true,"href":"https:\/\/ufla.br\/calouros\/wp-json\/wp\/v2\/comments?post=804"}],"version-history":[{"count":1,"href":"https:\/\/ufla.br\/calouros\/wp-json\/wp\/v2\/posts\/804\/revisions"}],"predecessor-version":[{"id":806,"href":"https:\/\/ufla.br\/calouros\/wp-json\/wp\/v2\/posts\/804\/revisions\/806"}],"wp:attachment":[{"href":"https:\/\/ufla.br\/calouros\/wp-json\/wp\/v2\/media?parent=804"}],"wp:term":[{"taxonomy":"category","embeddable":true,"href":"https:\/\/ufla.br\/calouros\/wp-json\/wp\/v2\/categories?post=804"},{"taxonomy":"post_tag","embeddable":true,"href":"https:\/\/ufla.br\/calouros\/wp-json\/wp\/v2\/tags?post=804"}],"curies":[{"name":"wp","href":"https:\/\/api.w.org\/{rel}","templated":true}]}}